{"id":2093,"date":"2025-07-29T11:58:44","date_gmt":"2025-07-29T10:58:44","guid":{"rendered":"https:\/\/segurosecidadania.pt\/?p=2093"},"modified":"2025-07-31T10:40:28","modified_gmt":"2025-07-31T09:40:28","slug":"jurisprudencia-1-3-2-2-2-2-3-3-2-2-2-2-2-2-2-2-3-2-2-3-2-2-2-2-3-2-2-2-3","status":"publish","type":"post","link":"https:\/\/segurosecidadania.pt\/?p=2093","title":{"rendered":"REPRESENTANTES DA APS MARCARAM PRESEN\u00c7A EM CONFER\u00caNCIAS DO SETOR"},"content":{"rendered":"\n<style type=\"text\/css\" data-created_by=\"avia_inline_auto\" id=\"style-css-av-ds0jc-3a7c88d86215b32dff991dc0f4866131\">\n.avia-section.av-ds0jc-3a7c88d86215b32dff991dc0f4866131{\nbackground-color:#c6325b;\nbackground-image:unset;\nz-index:0;\nposition:relative;\n}\n.av-curtain-footer.av-curtain-activated #main .avia-section.av-ds0jc-3a7c88d86215b32dff991dc0f4866131{\nz-index:0;\n}\n<\/style>\n<div id='av_section_1'  class='avia-section av-ds0jc-3a7c88d86215b32dff991dc0f4866131 main_color avia-section-small avia-no-border-styling  avia-builder-el-0  el_before_av_one_full  avia-builder-el-first  avia-bg-style-fixed av-custom-positioned container_wrap fullsize'  ><div class='container av-section-cont-open' ><main  role=\"main\" itemprop=\"mainContentOfPage\"  class='template-page content  av-content-full alpha units'><div class='post-entry post-entry-type-page post-entry-2093'><div class='entry-content-wrapper clearfix'>\n<div  class='flex_column av-2vtm2g-aa9c53df7b714cc5b3bce5129e511091 av_one_full  avia-builder-el-1  avia-builder-el-no-sibling  first av-break-at-tablet flex_column_div  '     ><style type=\"text\/css\" data-created_by=\"avia_inline_auto\" id=\"style-css-av-mdpvikzz-a8d50dfcf2275c8f0612ad9dcf5fec5f\">\n#top .av-special-heading.av-mdpvikzz-a8d50dfcf2275c8f0612ad9dcf5fec5f{\nmargin:0 0 0 0;\npadding-bottom:0;\ncolor:#ffffff;\nfont-size:25px;\n}\nbody .av-special-heading.av-mdpvikzz-a8d50dfcf2275c8f0612ad9dcf5fec5f .av-special-heading-tag .heading-char{\nfont-size:25px;\n}\n#top #wrap_all .av-special-heading.av-mdpvikzz-a8d50dfcf2275c8f0612ad9dcf5fec5f .av-special-heading-tag{\nfont-size:25px;\npadding:0 0 0 0;\n}\n.av-special-heading.av-mdpvikzz-a8d50dfcf2275c8f0612ad9dcf5fec5f .special-heading-inner-border{\nborder-color:rgba(0,0,0,0.01);\n}\n.av-special-heading.av-mdpvikzz-a8d50dfcf2275c8f0612ad9dcf5fec5f .av-subheading{\nfont-size:20px;\n}\nbody .av-special-heading.av-mdpvikzz-a8d50dfcf2275c8f0612ad9dcf5fec5f .av-special-heading-tag .heading-wrap:before{\nborder-color:rgba(0,0,0,0.01);\n}\nbody .av-special-heading.av-mdpvikzz-a8d50dfcf2275c8f0612ad9dcf5fec5f .av-special-heading-tag .heading-wrap:after{\nborder-color:rgba(0,0,0,0.01);\n}\n\n@media only screen and (max-width: 479px){ \n#top .av-special-heading.av-mdpvikzz-a8d50dfcf2275c8f0612ad9dcf5fec5f{\nmargin:0 0 -100px 0;\n}\n#top #wrap_all .av-special-heading.av-mdpvikzz-a8d50dfcf2275c8f0612ad9dcf5fec5f .av-special-heading-tag{\nfont-size:17px;\n}\n}\n\n@media only screen and (min-width: 768px) and (max-width: 989px){ \n#top .av-special-heading.av-mdpvikzz-a8d50dfcf2275c8f0612ad9dcf5fec5f{\nmargin:0 0 -35px 0;\n}\n}\n\n@media only screen and (min-width: 480px) and (max-width: 767px){ \n#top .av-special-heading.av-mdpvikzz-a8d50dfcf2275c8f0612ad9dcf5fec5f{\nmargin:0 0 -35px 0;\n}\n#top #wrap_all .av-special-heading.av-mdpvikzz-a8d50dfcf2275c8f0612ad9dcf5fec5f .av-special-heading-tag{\nfont-size:0.8em;\n}\n}\n<\/style>\n<div  class='av-special-heading av-mdpvikzz-a8d50dfcf2275c8f0612ad9dcf5fec5f av-special-heading-h6 custom-color-heading blockquote modern-quote  avia-builder-el-2  avia-builder-el-no-sibling  av-inherit-size'><h6 class='av-special-heading-tag'  itemprop=\"headline\"  >Newsletter APS #10 | julho 2025<\/h6><div class=\"special-heading-border\"><div class=\"special-heading-inner-border\"><\/div><\/div><\/div><\/div>\n<\/div><\/div><\/main><!-- close content main element --><\/div><\/div><div id='after_section_1'  class='main_color av_default_container_wrap container_wrap fullsize'  ><div class='container av-section-cont-open' ><div class='template-page content  av-content-full alpha units'><div class='post-entry post-entry-type-page post-entry-2093'><div class='entry-content-wrapper clearfix'>\n<div  class='flex_column av-trht6-2531b05852eb1b77cb261c9b9e83c8d6 av_one_full  avia-builder-el-3  el_after_av_section  avia-builder-el-no-sibling  first flex_column_div  '     ><p>\n<style type=\"text\/css\" data-created_by=\"avia_inline_auto\" id=\"style-css-av-e9plz-8ffcd0ae1f2734dc492daf9defc0daa1\">\n#top .av-post-metadata-container.av-e9plz-8ffcd0ae1f2734dc492daf9defc0daa1{\nfont-size:14px;\nmargin:0 0 1px 0;\n}\n#top .av-post-metadata-container.av-e9plz-8ffcd0ae1f2734dc492daf9defc0daa1 .av-post-metadata-container-inner{\nfont-size:14px;\n}\n<\/style>\n<div  class='av-post-metadata-container av-e9plz-8ffcd0ae1f2734dc492daf9defc0daa1 av-metadata-container-align-left  avia-builder-el-4  el_before_av_heading  avia-builder-el-first  av-metadata-container-1'><div class='av-post-metadata-container-inner'><span class=\"av-post-metadata-content av-post-metadata-meta-content\"><span class=\"av-post-metadata-content av-post-metadata-category\"><span class=\"av-post-metadata-category-link\" ><a href=\"https:\/\/segurosecidadania.pt\/?cat=2\" >Not\u00edcias<\/a><\/span><\/span><\/span><\/div><\/div><br \/>\n\n<style type=\"text\/css\" data-created_by=\"avia_inline_auto\" id=\"style-css-av-1b9wa-be063108e55d53f6a11b334b79e76aa2\">\n#top .av-special-heading.av-1b9wa-be063108e55d53f6a11b334b79e76aa2{\nmargin:0 0 0 0;\npadding-bottom:0;\nfont-size:30px;\n}\nbody .av-special-heading.av-1b9wa-be063108e55d53f6a11b334b79e76aa2 .av-special-heading-tag .heading-char{\nfont-size:25px;\n}\n#top #wrap_all .av-special-heading.av-1b9wa-be063108e55d53f6a11b334b79e76aa2 .av-special-heading-tag{\nfont-size:30px;\npadding:0 0 20px 0;\n}\n.av-special-heading.av-1b9wa-be063108e55d53f6a11b334b79e76aa2 .av-subheading{\nfont-size:15px;\n}\n\n@media only screen and (min-width: 480px) and (max-width: 767px){ \n#top #wrap_all .av-special-heading.av-1b9wa-be063108e55d53f6a11b334b79e76aa2 .av-special-heading-tag{\nfont-size:0.8em;\n}\n}\n\n@media only screen and (max-width: 479px){ \n#top #wrap_all .av-special-heading.av-1b9wa-be063108e55d53f6a11b334b79e76aa2 .av-special-heading-tag{\nfont-size:0.8em;\n}\n}\n<\/style>\n<div  class='av-special-heading av-1b9wa-be063108e55d53f6a11b334b79e76aa2 av-special-heading-h1 blockquote modern-quote  avia-builder-el-5  el_after_av_post_metadata  el_before_av_textblock  av-inherit-size'><h1 class='av-special-heading-tag'  itemprop=\"headline\"  >REPRESENTANTES DA APS MARCARAM PRESEN\u00c7A EM CONFER\u00caNCIAS DO SETOR<\/h1><div class=\"special-heading-border\"><div class=\"special-heading-inner-border\"><\/div><\/div><\/div><br \/>\n<section  class='av_textblock_section av-lpcvxr49-658fa9932d29cf43ab3d722201b819e3 '   itemscope=\"itemscope\" itemtype=\"https:\/\/schema.org\/BlogPosting\" itemprop=\"blogPost\" ><div class='avia_textblock'  itemprop=\"text\" ><p><img loading=\"lazy\" decoding=\"async\" class=\"alignnone size-full wp-image-2099\" src=\"https:\/\/segurosecidadania.pt\/wp-content\/uploads\/2025\/07\/Eco.jpg\" alt=\"\" width=\"2000\" height=\"800\" srcset=\"https:\/\/segurosecidadania.pt\/wp-content\/uploads\/2025\/07\/Eco.jpg 2000w, https:\/\/segurosecidadania.pt\/wp-content\/uploads\/2025\/07\/Eco-300x120.jpg 300w, https:\/\/segurosecidadania.pt\/wp-content\/uploads\/2025\/07\/Eco-1030x412.jpg 1030w, https:\/\/segurosecidadania.pt\/wp-content\/uploads\/2025\/07\/Eco-768x307.jpg 768w, https:\/\/segurosecidadania.pt\/wp-content\/uploads\/2025\/07\/Eco-1536x614.jpg 1536w, https:\/\/segurosecidadania.pt\/wp-content\/uploads\/2025\/07\/Eco-1500x600.jpg 1500w, https:\/\/segurosecidadania.pt\/wp-content\/uploads\/2025\/07\/Eco-705x282.jpg 705w\" sizes=\"auto, (max-width: 2000px) 100vw, 2000px\" \/><\/p>\n<p>Fotografia: Pedro Granadeiro<\/p>\n<\/div><\/section><br \/>\n<section  class='av_textblock_section av-2zmrk8-5934f042f7e73a64d8b3b9457abb5c0d '   itemscope=\"itemscope\" itemtype=\"https:\/\/schema.org\/BlogPosting\" itemprop=\"blogPost\" ><div class='avia_textblock'  itemprop=\"text\" ><div><\/div>\n<div>\n<p style=\"font-weight: 400;\">O Presidente da APS, Jos\u00e9\u202fGalamba de Oliveira, participou no 4.\u00ba F\u00f3rum Nacional de Seguros, realizado a 8 de julho, no Porto, num painel de debate que contou com representantes de Associados, a Generali Tranquilidade e a Zurich.<\/p>\n<p style=\"font-weight: 400;\">No painel sobre \u201cNova legislatura: Que prioridades para os seguros\u201d, o Presidente da APS salientou que as seguradoras portuguesas n\u00e3o est\u00e3o preparadas para assumir investimentos em ativos de maior risco devido \u00e0s altas exig\u00eancias regulat\u00f3rias e de solv\u00eancia.<\/p>\n<p style=\"font-weight: 400;\">Os participantes do painel foram un\u00e2nimes quanto \u00e0 ideia de que \u00e9 imprescind\u00edvel investir em literacia financeira e implementar incentivos fiscais que estimulem a poupan\u00e7a para a reforma, especialmente num pa\u00eds onde os consumidores tendem a ser mais conservadores.<\/p>\n<p style=\"font-weight: 400;\">\n<p style=\"font-weight: 400;\"><strong>Outros eventos a que a APS assistiu:<\/strong><\/p>\n<p style=\"font-weight: 400;\"><strong>\u00a0<\/strong><\/p>\n<p style=\"font-weight: 400;\"><strong>Special Report \u201cOs Seguros e a Incerteza Extrema\u201d<\/strong>, em 16 de julho, promovido pelo Jornal Econ\u00f3mico, para discutir a perspetiva de evolu\u00e7\u00e3o no setor dos seguros, em que o Presidente da Comiss\u00e3o T\u00e9cnica CASA, Gon\u00e7alo Castro Pereira, marcou presen\u00e7a enquanto <em>keynote speaker<\/em>, tendo sido abordados, entre outros, os fatores de incerteza que pairam sobre o setor segurador e a literacia do risco.<\/p>\n<p style=\"font-weight: 400;\"><strong>\u201cCX SUMMIT &#8211; Leaders HUB\u201d<\/strong><span style=\"font-weight: 400;\">, em 18 de julho, em que foi abordada a import\u00e2ncia da tecnologia para o setor segurador. O CX Summit Leaders HUB Lisboa mostrou que Portugal est\u00e1 a assumir uma posi\u00e7\u00e3o de vanguarda no panorama CX global, apostando em maturidade cultural, forma\u00e7\u00e3o rigorosa e agilidade na ado\u00e7\u00e3o tecnol\u00f3gica \u2014 resultando em experi\u00eancias eficazes, econ\u00f3micas e com elevado impacto no cliente.<\/span><\/p>\n<\/div>\n<\/div><\/section><\/p><\/div>\n","protected":false},"excerpt":{"rendered":"<p>O Presidente da APS, Jos\u00e9\u202fGalamba de Oliveira, participou no 4.\u00ba F\u00f3rum Nacional de Seguros, realizado a 8 de julho, no Porto.<\/p>\n","protected":false},"author":2,"featured_media":2099,"comment_status":"closed","ping_status":"closed","sticky":false,"template":"","format":"quote","meta":{"footnotes":""},"categories":[2],"tags":[],"class_list":["post-2093","post","type-post","status-publish","format-quote","has-post-thumbnail","hentry","category-noticias","post_format-post-format-quote"],"_links":{"self":[{"href":"https:\/\/segurosecidadania.pt\/index.php?rest_route=\/wp\/v2\/posts\/2093","targetHints":{"allow":["GET"]}}],"collection":[{"href":"https:\/\/segurosecidadania.pt\/index.php?rest_route=\/wp\/v2\/posts"}],"about":[{"href":"https:\/\/segurosecidadania.pt\/index.php?rest_route=\/wp\/v2\/types\/post"}],"author":[{"embeddable":true,"href":"https:\/\/segurosecidadania.pt\/index.php?rest_route=\/wp\/v2\/users\/2"}],"replies":[{"embeddable":true,"href":"https:\/\/segurosecidadania.pt\/index.php?rest_route=%2Fwp%2Fv2%2Fcomments&post=2093"}],"version-history":[{"count":2,"href":"https:\/\/segurosecidadania.pt\/index.php?rest_route=\/wp\/v2\/posts\/2093\/revisions"}],"predecessor-version":[{"id":2100,"href":"https:\/\/segurosecidadania.pt\/index.php?rest_route=\/wp\/v2\/posts\/2093\/revisions\/2100"}],"wp:featuredmedia":[{"embeddable":true,"href":"https:\/\/segurosecidadania.pt\/index.php?rest_route=\/wp\/v2\/media\/2099"}],"wp:attachment":[{"href":"https:\/\/segurosecidadania.pt\/index.php?rest_route=%2Fwp%2Fv2%2Fmedia&parent=2093"}],"wp:term":[{"taxonomy":"category","embeddable":true,"href":"https:\/\/segurosecidadania.pt\/index.php?rest_route=%2Fwp%2Fv2%2Fcategories&post=2093"},{"taxonomy":"post_tag","embeddable":true,"href":"https:\/\/segurosecidadania.pt\/index.php?rest_route=%2Fwp%2Fv2%2Ftags&post=2093"}],"curies":[{"name":"wp","href":"https:\/\/api.w.org\/{rel}","templated":true}]}}