{"id":1944,"date":"2025-06-03T10:01:20","date_gmt":"2025-06-03T09:01:20","guid":{"rendered":"https:\/\/segurosecidadania.pt\/?p=1944"},"modified":"2025-06-03T11:57:26","modified_gmt":"2025-06-03T10:57:26","slug":"jurisprudencia-1-3-2-2-2-2-3-3-2-2-2-2-2-2-2-2-3-2-2-3-2-2-2-2-2-2","status":"publish","type":"post","link":"https:\/\/segurosecidadania.pt\/?p=1944","title":{"rendered":"COMISS\u00c3O EUROPEIA APRESENTA PLANO AMBICIOSO PARA A INTELIG\u00caNCIA ARTIFICIAL"},"content":{"rendered":"\n<style type=\"text\/css\" data-created_by=\"avia_inline_auto\" id=\"style-css-av-4by3yt-ea806c9099d5dea944521e96c2359733\">\n.avia-section.av-4by3yt-ea806c9099d5dea944521e96c2359733{\nbackground-color:#5fbba6;\nbackground-image:unset;\nz-index:0;\nposition:relative;\n}\n.av-curtain-footer.av-curtain-activated #main .avia-section.av-4by3yt-ea806c9099d5dea944521e96c2359733{\nz-index:0;\n}\n<\/style>\n<div id='av_section_1'  class='avia-section av-4by3yt-ea806c9099d5dea944521e96c2359733 main_color avia-section-small avia-no-border-styling  avia-builder-el-0  el_before_av_one_full  avia-builder-el-first  avia-bg-style-fixed av-custom-positioned container_wrap fullsize'  ><div class='container av-section-cont-open' ><main  role=\"main\" itemprop=\"mainContentOfPage\"  class='template-page content  av-content-full alpha units'><div class='post-entry post-entry-type-page post-entry-1944'><div class='entry-content-wrapper clearfix'>\n<div  class='flex_column av-2zb7k5-887d3c42081b61c2993afac6fdab9624 av_one_full  avia-builder-el-1  avia-builder-el-no-sibling  first av-break-at-tablet flex_column_div  '     ><style type=\"text\/css\" data-created_by=\"avia_inline_auto\" id=\"style-css-av-mb98o8h6-763150e4374e69961e2d7253d4d0486c\">\n#top .av-special-heading.av-mb98o8h6-763150e4374e69961e2d7253d4d0486c{\nmargin:0 0 0 0;\npadding-bottom:0;\ncolor:#ffffff;\nfont-size:25px;\n}\nbody .av-special-heading.av-mb98o8h6-763150e4374e69961e2d7253d4d0486c .av-special-heading-tag .heading-char{\nfont-size:25px;\n}\n#top #wrap_all .av-special-heading.av-mb98o8h6-763150e4374e69961e2d7253d4d0486c .av-special-heading-tag{\nfont-size:25px;\npadding:0 0 0 0;\n}\n.av-special-heading.av-mb98o8h6-763150e4374e69961e2d7253d4d0486c .special-heading-inner-border{\nborder-color:rgba(0,0,0,0.01);\n}\n.av-special-heading.av-mb98o8h6-763150e4374e69961e2d7253d4d0486c .av-subheading{\nfont-size:20px;\n}\nbody .av-special-heading.av-mb98o8h6-763150e4374e69961e2d7253d4d0486c .av-special-heading-tag .heading-wrap:before{\nborder-color:rgba(0,0,0,0.01);\n}\nbody .av-special-heading.av-mb98o8h6-763150e4374e69961e2d7253d4d0486c .av-special-heading-tag .heading-wrap:after{\nborder-color:rgba(0,0,0,0.01);\n}\n\n@media only screen and (max-width: 479px){ \n#top .av-special-heading.av-mb98o8h6-763150e4374e69961e2d7253d4d0486c{\nmargin:0 0 -100px 0;\n}\n#top #wrap_all .av-special-heading.av-mb98o8h6-763150e4374e69961e2d7253d4d0486c .av-special-heading-tag{\nfont-size:17px;\n}\n}\n\n@media only screen and (min-width: 768px) and (max-width: 989px){ \n#top .av-special-heading.av-mb98o8h6-763150e4374e69961e2d7253d4d0486c{\nmargin:0 0 -35px 0;\n}\n}\n\n@media only screen and (min-width: 480px) and (max-width: 767px){ \n#top .av-special-heading.av-mb98o8h6-763150e4374e69961e2d7253d4d0486c{\nmargin:0 0 -35px 0;\n}\n#top #wrap_all .av-special-heading.av-mb98o8h6-763150e4374e69961e2d7253d4d0486c .av-special-heading-tag{\nfont-size:0.8em;\n}\n}\n<\/style>\n<div  class='av-special-heading av-mb98o8h6-763150e4374e69961e2d7253d4d0486c av-special-heading-h6 custom-color-heading blockquote modern-quote  avia-builder-el-2  avia-builder-el-no-sibling  av-inherit-size'><h6 class='av-special-heading-tag'  itemprop=\"headline\"  >Newsletter APS #09 | maio 2025<\/h6><div class=\"special-heading-border\"><div class=\"special-heading-inner-border\"><\/div><\/div><\/div><\/div>\n<\/div><\/div><\/main><!-- close content main element --><\/div><\/div><div id='after_section_1'  class='main_color av_default_container_wrap container_wrap fullsize'  ><div class='container av-section-cont-open' ><div class='template-page content  av-content-full alpha units'><div class='post-entry post-entry-type-page post-entry-1944'><div class='entry-content-wrapper clearfix'>\n<div  class='flex_column av-trht6-2531b05852eb1b77cb261c9b9e83c8d6 av_one_full  avia-builder-el-3  el_after_av_section  avia-builder-el-no-sibling  first flex_column_div  '     ><p>\n<style type=\"text\/css\" data-created_by=\"avia_inline_auto\" id=\"style-css-av-e9plz-8ffcd0ae1f2734dc492daf9defc0daa1\">\n#top .av-post-metadata-container.av-e9plz-8ffcd0ae1f2734dc492daf9defc0daa1{\nfont-size:14px;\nmargin:0 0 1px 0;\n}\n#top .av-post-metadata-container.av-e9plz-8ffcd0ae1f2734dc492daf9defc0daa1 .av-post-metadata-container-inner{\nfont-size:14px;\n}\n<\/style>\n<div  class='av-post-metadata-container av-e9plz-8ffcd0ae1f2734dc492daf9defc0daa1 av-metadata-container-align-left  avia-builder-el-4  el_before_av_heading  avia-builder-el-first  av-metadata-container-1'><div class='av-post-metadata-container-inner'><span class=\"av-post-metadata-content av-post-metadata-meta-content\"><span class=\"av-post-metadata-content av-post-metadata-category\"><span class=\"av-post-metadata-category-link\" ><a href=\"https:\/\/segurosecidadania.pt\/?cat=18\" >Europa<\/a><\/span><\/span><\/span><\/div><\/div><br \/>\n\n<style type=\"text\/css\" data-created_by=\"avia_inline_auto\" id=\"style-css-av-1b9wa-ff7a89f79be2e1f8009a8fb21927500e\">\n#top .av-special-heading.av-1b9wa-ff7a89f79be2e1f8009a8fb21927500e{\nmargin:0 0 0 0;\npadding-bottom:0;\nfont-size:30px;\n}\nbody .av-special-heading.av-1b9wa-ff7a89f79be2e1f8009a8fb21927500e .av-special-heading-tag .heading-char{\nfont-size:25px;\n}\n#top #wrap_all .av-special-heading.av-1b9wa-ff7a89f79be2e1f8009a8fb21927500e .av-special-heading-tag{\nfont-size:30px;\npadding:0 0 20px 0;\n}\n.av-special-heading.av-1b9wa-ff7a89f79be2e1f8009a8fb21927500e .av-subheading{\nfont-size:15px;\n}\n\n@media only screen and (min-width: 480px) and (max-width: 767px){ \n#top #wrap_all .av-special-heading.av-1b9wa-ff7a89f79be2e1f8009a8fb21927500e .av-special-heading-tag{\nfont-size:0.8em;\n}\n}\n\n@media only screen and (max-width: 479px){ \n#top #wrap_all .av-special-heading.av-1b9wa-ff7a89f79be2e1f8009a8fb21927500e .av-special-heading-tag{\nfont-size:0.8em;\n}\n}\n<\/style>\n<div  class='av-special-heading av-1b9wa-ff7a89f79be2e1f8009a8fb21927500e av-special-heading-h1 blockquote modern-quote  avia-builder-el-5  el_after_av_post_metadata  el_before_av_textblock  av-inherit-size'><h1 class='av-special-heading-tag'  itemprop=\"headline\"  >COMISS\u00c3O EUROPEIA APRESENTA PLANO AMBICIOSO PARA A INTELIG\u00caNCIA ARTIFICIAL<\/h1><div class=\"special-heading-border\"><div class=\"special-heading-inner-border\"><\/div><\/div><\/div><br \/>\n<section  class='av_textblock_section av-lpcvxr49-658fa9932d29cf43ab3d722201b819e3 '   itemscope=\"itemscope\" itemtype=\"https:\/\/schema.org\/BlogPosting\" itemprop=\"blogPost\" ><div class='avia_textblock'  itemprop=\"text\" ><div><\/div>\n<div><\/div>\n<p><img loading=\"lazy\" decoding=\"async\" class=\"alignnone size-full wp-image-920\" src=\"https:\/\/segurosecidadania.pt\/wp-content\/uploads\/2024\/01\/ai-2000x800-1.jpg\" alt=\"\" width=\"2000\" height=\"800\" srcset=\"https:\/\/segurosecidadania.pt\/wp-content\/uploads\/2024\/01\/ai-2000x800-1.jpg 2000w, https:\/\/segurosecidadania.pt\/wp-content\/uploads\/2024\/01\/ai-2000x800-1-300x120.jpg 300w, https:\/\/segurosecidadania.pt\/wp-content\/uploads\/2024\/01\/ai-2000x800-1-1030x412.jpg 1030w, https:\/\/segurosecidadania.pt\/wp-content\/uploads\/2024\/01\/ai-2000x800-1-768x307.jpg 768w, https:\/\/segurosecidadania.pt\/wp-content\/uploads\/2024\/01\/ai-2000x800-1-1536x614.jpg 1536w, https:\/\/segurosecidadania.pt\/wp-content\/uploads\/2024\/01\/ai-2000x800-1-1500x600.jpg 1500w, https:\/\/segurosecidadania.pt\/wp-content\/uploads\/2024\/01\/ai-2000x800-1-705x282.jpg 705w\" sizes=\"auto, (max-width: 2000px) 100vw, 2000px\" \/><\/p>\n<div><\/div>\n<\/div><\/section><br \/>\n<section  class='av_textblock_section av-2zmrk8-5934f042f7e73a64d8b3b9457abb5c0d '   itemscope=\"itemscope\" itemtype=\"https:\/\/schema.org\/BlogPosting\" itemprop=\"blogPost\" ><div class='avia_textblock'  itemprop=\"text\" ><div><\/div>\n<div>\n<p>A Comiss\u00e3o Europeia apresentou um conjunto de iniciativas no \u00e2mbito da intelig\u00eancia artificial (IA), com o objetivo de tornar a Uni\u00e3o Europeia (UE) \u201co continente da IA\u201d. Estas iniciativas t\u00eam o objetivo de tornar a UE l\u00edder global em IA \u2013 um objetivo definido por <a href=\"https:\/\/www.youtube.com\/watch?v=i_es9g1VLFk\">Ursula von der Leyen na Cimeira de A\u00e7\u00e3o de IA<\/a>, que se realizou em fevereiro de 2025, em Paris, e refor\u00e7ado recentemente em <a href=\"https:\/\/ec.europa.eu\/commission\/presscorner\/detail\/en\/ip_25_1013\">comunicado da Comiss\u00e3o Europeia no passado m\u00eas de abril<\/a>. Para alcan\u00e7ar esse objetivo, foram apresentadas as seguintes iniciativas:<\/p>\n<p>O <strong>Plano de A\u00e7\u00e3o para o Continente IA<\/strong> pretende refor\u00e7ar as capacidades de inova\u00e7\u00e3o de IA da UE, atrav\u00e9s de a\u00e7\u00f5es e pol\u00edticas assentes em cinco pilares-chave:<\/p>\n<ol>\n<li><strong>Constru\u00e7\u00e3o de uma infraestrutura de dados e computa\u00e7\u00e3o em IA \u00e0 escala europeia:<\/strong> refor\u00e7o da infraestrutura de IA com uma rede de F\u00e1bricas de IA para apoiar start-ups, ind\u00fastria e investigadores da UE no desenvolvimento de modelos e aplica\u00e7\u00f5es de IA. Al\u00e9m disso, a UE tamb\u00e9m ir\u00e1 apoiar a cria\u00e7\u00e3o de Gigaf\u00e1bricas de IA para o treino e desenvolvimento de modelos de IA complexos;<\/li>\n<li><strong>Aumento do acesso a grandes volumes de dados de elevada qualidade:<\/strong> cria\u00e7\u00e3o de Laborat\u00f3rios de Dados para reunir e organizar grandes volumes de dados de qualidade provenientes de diversas fontes nas F\u00e1bricas de IA. Para isso, ser\u00e1 lan\u00e7ada uma Estrat\u00e9gia para a Uni\u00e3o dos Dados, com vista \u00e0 cria\u00e7\u00e3o de um verdadeiro mercado interno de dados capaz de impulsionar solu\u00e7\u00f5es \u00e0 escala europeia;<\/li>\n<li><strong>Desenvolvimento de algoritmos e promo\u00e7\u00e3o da ado\u00e7\u00e3o da IA em setores estrat\u00e9gicos da UE:<\/strong> para desenvolver solu\u00e7\u00f5es de IA personalizadas, aumentar a sua utiliza\u00e7\u00e3o e garantir a ado\u00e7\u00e3o plena nos setores p\u00fablicos e privados estrat\u00e9gicos da UE, a Comiss\u00e3o apresentar\u00e1 a Estrat\u00e9gia Aplicar IA;<\/li>\n<li><strong>Refor\u00e7o de compet\u00eancias e talentos em IA:<\/strong> a Comiss\u00e3o Europeia facilitar\u00e1 o recrutamento internacional de especialistas e investigadores altamente qualificados em IA e desenvolver\u00e1 programas educativos e forma\u00e7\u00e3o em IA, com o objetivo de preparar a pr\u00f3xima gera\u00e7\u00e3o de especialistas e melhoria de compet\u00eancias dos trabalhadores.<\/li>\n<li><strong>Simplifica\u00e7\u00e3o regulamentar:<\/strong> a Comiss\u00e3o ir\u00e1 lan\u00e7ar o Balc\u00e3o de Atendimento do Regulamento IA, que funcionar\u00e1 como ponto de contacto central e centro de informa\u00e7\u00f5es e orienta\u00e7\u00f5es sobre a sua aplica\u00e7\u00e3o.<\/li>\n<\/ol>\n<p>Para o desenvolvimento e implementa\u00e7\u00e3o deste plano, ser\u00e1 essencial a participa\u00e7\u00e3o e o di\u00e1logo com as partes interessadas. Nesse sentido, a Comiss\u00e3o lan\u00e7ou duas consultas p\u00fablicas, para que as partes interessadas possam partilhar a sua opini\u00e3o, sobre <a href=\"https:\/\/ec.europa.eu\/info\/law\/better-regulation\/have-your-say\/initiatives\/14628-AI-Continent-new-cloud-and-AI-development-act_en\">a proposta de Regulamento para o Desenvolvimento da Cloud<\/a> e a <a href=\"https:\/\/ec.europa.eu\/info\/law\/better-regulation\/have-your-say\/initiatives\/14625-Apply-AI-Strategy-strengthening-the-AI-continent_en\">Estrat\u00e9gia Aplicar a IA<\/a>. Est\u00e1 tamb\u00e9m prevista uma consulta p\u00fablica sobre a <a href=\"https:\/\/ec.europa.eu\/info\/law\/better-regulation\/have-your-say\/initiatives\/14541-European-Data-Union-Strategy_en\">Estrat\u00e9gia da Uni\u00e3o dos Dados<\/a>. Paralelamente, a Comiss\u00e3o Europeia organizar\u00e1 di\u00e1logos com representantes da ind\u00fastria e do setor p\u00fablico para apoiar a elabora\u00e7\u00e3o da Estrat\u00e9gia Aplicar IA.<\/p>\n<p>Nesse sentido, foi organizado, no passado m\u00eas de abril, um <a href=\"https:\/\/environment.ec.europa.eu\/events\/apply-ai-strategy-technical-workshop-environment-and-sustainability-2025-04-28_en\">workshop da Comiss\u00e3o Europeia<\/a> para refletir sobre a <a href=\"https:\/\/environment.ec.europa.eu\/document\/download\/80ba07c5-b0b3-4a84-9609-336707e470bb_en?filename=250428-ApplyAIStrategy-Merged-Slides.pdf\">aplica\u00e7\u00e3o da IA em mat\u00e9ria de Ambiente e Sustentabilidade<\/a>.<\/p>\n<p>Esta intera\u00e7\u00e3o \u00e9 essencial para identificar exemplos concretos de aplica\u00e7\u00e3o da IA, integra\u00e7\u00e3o nos processos empresariais e oportunidades que visem garantir o desenvolvimento e a estabilidade da economia.<\/p>\n<\/div>\n<\/div><\/section><\/p><\/div>\n","protected":false},"excerpt":{"rendered":"<p>A Comiss\u00e3o Europeia apresentou um conjunto de iniciativas no \u00e2mbito da intelig\u00eancia artificial (IA), com o objetivo de tornar a Uni\u00e3o Europeia (UE) \u201co continente da IA\u201d.<\/p>\n","protected":false},"author":1,"featured_media":920,"comment_status":"closed","ping_status":"closed","sticky":false,"template":"","format":"quote","meta":{"footnotes":""},"categories":[18],"tags":[],"class_list":["post-1944","post","type-post","status-publish","format-quote","has-post-thumbnail","hentry","category-europa","post_format-post-format-quote"],"_links":{"self":[{"href":"https:\/\/segurosecidadania.pt\/index.php?rest_route=\/wp\/v2\/posts\/1944","targetHints":{"allow":["GET"]}}],"collection":[{"href":"https:\/\/segurosecidadania.pt\/index.php?rest_route=\/wp\/v2\/posts"}],"about":[{"href":"https:\/\/segurosecidadania.pt\/index.php?rest_route=\/wp\/v2\/types\/post"}],"author":[{"embeddable":true,"href":"https:\/\/segurosecidadania.pt\/index.php?rest_route=\/wp\/v2\/users\/1"}],"replies":[{"embeddable":true,"href":"https:\/\/segurosecidadania.pt\/index.php?rest_route=%2Fwp%2Fv2%2Fcomments&post=1944"}],"version-history":[{"count":1,"href":"https:\/\/segurosecidadania.pt\/index.php?rest_route=\/wp\/v2\/posts\/1944\/revisions"}],"predecessor-version":[{"id":1946,"href":"https:\/\/segurosecidadania.pt\/index.php?rest_route=\/wp\/v2\/posts\/1944\/revisions\/1946"}],"wp:featuredmedia":[{"embeddable":true,"href":"https:\/\/segurosecidadania.pt\/index.php?rest_route=\/wp\/v2\/media\/920"}],"wp:attachment":[{"href":"https:\/\/segurosecidadania.pt\/index.php?rest_route=%2Fwp%2Fv2%2Fmedia&parent=1944"}],"wp:term":[{"taxonomy":"category","embeddable":true,"href":"https:\/\/segurosecidadania.pt\/index.php?rest_route=%2Fwp%2Fv2%2Fcategories&post=1944"},{"taxonomy":"post_tag","embeddable":true,"href":"https:\/\/segurosecidadania.pt\/index.php?rest_route=%2Fwp%2Fv2%2Ftags&post=1944"}],"curies":[{"name":"wp","href":"https:\/\/api.w.org\/{rel}","templated":true}]}}