{"id":1807,"date":"2025-03-31T10:14:19","date_gmt":"2025-03-31T09:14:19","guid":{"rendered":"https:\/\/segurosecidadania.pt\/?p=1807"},"modified":"2025-04-01T09:16:10","modified_gmt":"2025-04-01T08:16:10","slug":"jurisprudencia-1-3-2-2-2-2-3-3-2-2-2-2-2-2-2-2-3-2-2","status":"publish","type":"post","link":"https:\/\/segurosecidadania.pt\/?p=1807","title":{"rendered":"ALTERA\u00c7\u00c3O DO REGIME DO SEGURO OBRIGAT\u00d3RIO DE RESPONSABILIDADE CIVIL AUTOM\u00d3VEL POR TRANSPOSI\u00c7\u00c3O DA 6.\u00aa DIRETIVA SOBRE SEGURO AUTOM\u00d3VEL"},"content":{"rendered":"\n<style type=\"text\/css\" data-created_by=\"avia_inline_auto\" id=\"style-css-av-6bvp6n-152e86d8ddff7e80bbb02b8a13fcc51d\">\n.avia-section.av-6bvp6n-152e86d8ddff7e80bbb02b8a13fcc51d{\nbackground-color:#ff8100;\nbackground-image:unset;\nz-index:0;\nposition:relative;\n}\n.av-curtain-footer.av-curtain-activated #main .avia-section.av-6bvp6n-152e86d8ddff7e80bbb02b8a13fcc51d{\nz-index:0;\n}\n<\/style>\n<div id='av_section_1'  class='avia-section av-6bvp6n-152e86d8ddff7e80bbb02b8a13fcc51d main_color avia-section-small avia-no-border-styling  avia-builder-el-0  el_before_av_one_full  avia-builder-el-first  avia-bg-style-fixed av-custom-positioned container_wrap fullsize'  ><div class='container av-section-cont-open' ><main  role=\"main\" itemprop=\"mainContentOfPage\"  class='template-page content  av-content-full alpha units'><div class='post-entry post-entry-type-page post-entry-1807'><div class='entry-content-wrapper clearfix'>\n<div  class='flex_column av-4vlu9r-8441384a89245ccdfe7c39a8ad738197 av_one_full  avia-builder-el-1  avia-builder-el-no-sibling  first av-break-at-tablet flex_column_div  '     ><style type=\"text\/css\" data-created_by=\"avia_inline_auto\" id=\"style-css-av-1umfzj-b53c522a0bd5486ce4a79a8a881756a1\">\n#top .av-special-heading.av-1umfzj-b53c522a0bd5486ce4a79a8a881756a1{\nmargin:0 0 0 0;\npadding-bottom:0;\ncolor:#ffffff;\nfont-size:25px;\n}\nbody .av-special-heading.av-1umfzj-b53c522a0bd5486ce4a79a8a881756a1 .av-special-heading-tag .heading-char{\nfont-size:25px;\n}\n#top #wrap_all .av-special-heading.av-1umfzj-b53c522a0bd5486ce4a79a8a881756a1 .av-special-heading-tag{\nfont-size:25px;\npadding:0 0 0 0;\n}\n.av-special-heading.av-1umfzj-b53c522a0bd5486ce4a79a8a881756a1 .special-heading-inner-border{\nborder-color:rgba(0,0,0,0.01);\n}\n.av-special-heading.av-1umfzj-b53c522a0bd5486ce4a79a8a881756a1 .av-subheading{\nfont-size:20px;\n}\nbody .av-special-heading.av-1umfzj-b53c522a0bd5486ce4a79a8a881756a1 .av-special-heading-tag .heading-wrap:before{\nborder-color:rgba(0,0,0,0.01);\n}\nbody .av-special-heading.av-1umfzj-b53c522a0bd5486ce4a79a8a881756a1 .av-special-heading-tag .heading-wrap:after{\nborder-color:rgba(0,0,0,0.01);\n}\n\n@media only screen and (max-width: 479px){ \n#top .av-special-heading.av-1umfzj-b53c522a0bd5486ce4a79a8a881756a1{\nmargin:0 0 -100px 0;\n}\n#top #wrap_all .av-special-heading.av-1umfzj-b53c522a0bd5486ce4a79a8a881756a1 .av-special-heading-tag{\nfont-size:17px;\n}\n}\n\n@media only screen and (min-width: 768px) and (max-width: 989px){ \n#top .av-special-heading.av-1umfzj-b53c522a0bd5486ce4a79a8a881756a1{\nmargin:0 0 -35px 0;\n}\n}\n\n@media only screen and (min-width: 480px) and (max-width: 767px){ \n#top .av-special-heading.av-1umfzj-b53c522a0bd5486ce4a79a8a881756a1{\nmargin:0 0 -35px 0;\n}\n#top #wrap_all .av-special-heading.av-1umfzj-b53c522a0bd5486ce4a79a8a881756a1 .av-special-heading-tag{\nfont-size:0.8em;\n}\n}\n<\/style>\n<div  class='av-special-heading av-1umfzj-b53c522a0bd5486ce4a79a8a881756a1 av-special-heading-h6 custom-color-heading blockquote modern-quote  avia-builder-el-2  avia-builder-el-no-sibling  av-inherit-size'><h6 class='av-special-heading-tag'  itemprop=\"headline\"  >Newsletter APS #08 | mar\u00e7o 2025<\/h6><div class=\"special-heading-border\"><div class=\"special-heading-inner-border\"><\/div><\/div><\/div><\/div>\n<\/div><\/div><\/main><!-- close content main element --><\/div><\/div><div id='after_section_1'  class='main_color av_default_container_wrap container_wrap fullsize'  ><div class='container av-section-cont-open' ><div class='template-page content  av-content-full alpha units'><div class='post-entry post-entry-type-page post-entry-1807'><div class='entry-content-wrapper clearfix'>\n<div  class='flex_column av-trht6-2531b05852eb1b77cb261c9b9e83c8d6 av_one_full  avia-builder-el-3  el_after_av_section  avia-builder-el-no-sibling  first flex_column_div  '     ><p>\n<style type=\"text\/css\" data-created_by=\"avia_inline_auto\" id=\"style-css-av-e9plz-8ffcd0ae1f2734dc492daf9defc0daa1\">\n#top .av-post-metadata-container.av-e9plz-8ffcd0ae1f2734dc492daf9defc0daa1{\nfont-size:14px;\nmargin:0 0 1px 0;\n}\n#top .av-post-metadata-container.av-e9plz-8ffcd0ae1f2734dc492daf9defc0daa1 .av-post-metadata-container-inner{\nfont-size:14px;\n}\n<\/style>\n<div  class='av-post-metadata-container av-e9plz-8ffcd0ae1f2734dc492daf9defc0daa1 av-metadata-container-align-left  avia-builder-el-4  el_before_av_heading  avia-builder-el-first  av-metadata-container-1'><div class='av-post-metadata-container-inner'><span class=\"av-post-metadata-content av-post-metadata-meta-content\"><span class=\"av-post-metadata-content av-post-metadata-category\"><span class=\"av-post-metadata-category-link\" ><a href=\"https:\/\/segurosecidadania.pt\/?cat=20\" >Legisla\u00e7\u00e3o e regulamenta\u00e7\u00e3o nacional<\/a><\/span><\/span><\/span><\/div><\/div><br \/>\n\n<style type=\"text\/css\" data-created_by=\"avia_inline_auto\" id=\"style-css-av-1b9wa-05a4ad13b94473e6c3abf855d93f5ee4\">\n#top .av-special-heading.av-1b9wa-05a4ad13b94473e6c3abf855d93f5ee4{\nmargin:0 0 0 0;\npadding-bottom:0;\nfont-size:30px;\n}\nbody .av-special-heading.av-1b9wa-05a4ad13b94473e6c3abf855d93f5ee4 .av-special-heading-tag .heading-char{\nfont-size:25px;\n}\n#top #wrap_all .av-special-heading.av-1b9wa-05a4ad13b94473e6c3abf855d93f5ee4 .av-special-heading-tag{\nfont-size:30px;\npadding:0 0 20px 0;\n}\n.av-special-heading.av-1b9wa-05a4ad13b94473e6c3abf855d93f5ee4 .av-subheading{\nfont-size:15px;\n}\n\n@media only screen and (min-width: 480px) and (max-width: 767px){ \n#top #wrap_all .av-special-heading.av-1b9wa-05a4ad13b94473e6c3abf855d93f5ee4 .av-special-heading-tag{\nfont-size:0.8em;\n}\n}\n\n@media only screen and (max-width: 479px){ \n#top #wrap_all .av-special-heading.av-1b9wa-05a4ad13b94473e6c3abf855d93f5ee4 .av-special-heading-tag{\nfont-size:0.8em;\n}\n}\n<\/style>\n<div  class='av-special-heading av-1b9wa-05a4ad13b94473e6c3abf855d93f5ee4 av-special-heading-h1 blockquote modern-quote  avia-builder-el-5  el_after_av_post_metadata  el_before_av_textblock  av-inherit-size'><h1 class='av-special-heading-tag'  itemprop=\"headline\"  >ALTERA\u00c7\u00c3O DO REGIME DO SEGURO OBRIGAT\u00d3RIO DE RESPONSABILIDADE CIVIL AUTOM\u00d3VEL POR TRANSPOSI\u00c7\u00c3O DA 6.\u00aa DIRETIVA SOBRE SEGURO AUTOM\u00d3VEL<\/h1><div class=\"special-heading-border\"><div class=\"special-heading-inner-border\"><\/div><\/div><\/div><br \/>\n<section  class='av_textblock_section av-lpcvxr49-658fa9932d29cf43ab3d722201b819e3 '   itemscope=\"itemscope\" itemtype=\"https:\/\/schema.org\/BlogPosting\" itemprop=\"blogPost\" ><div class='avia_textblock'  itemprop=\"text\" ><div><\/div>\n<div><\/div>\n<p><img loading=\"lazy\" decoding=\"async\" class=\"alignnone size-full wp-image-1385\" src=\"https:\/\/segurosecidadania.pt\/wp-content\/uploads\/2024\/07\/assembleia.jpg\" alt=\"\" width=\"2000\" height=\"800\" srcset=\"https:\/\/segurosecidadania.pt\/wp-content\/uploads\/2024\/07\/assembleia.jpg 2000w, https:\/\/segurosecidadania.pt\/wp-content\/uploads\/2024\/07\/assembleia-300x120.jpg 300w, https:\/\/segurosecidadania.pt\/wp-content\/uploads\/2024\/07\/assembleia-1030x412.jpg 1030w, https:\/\/segurosecidadania.pt\/wp-content\/uploads\/2024\/07\/assembleia-768x307.jpg 768w, https:\/\/segurosecidadania.pt\/wp-content\/uploads\/2024\/07\/assembleia-1536x614.jpg 1536w, https:\/\/segurosecidadania.pt\/wp-content\/uploads\/2024\/07\/assembleia-1500x600.jpg 1500w, https:\/\/segurosecidadania.pt\/wp-content\/uploads\/2024\/07\/assembleia-705x282.jpg 705w\" sizes=\"auto, (max-width: 2000px) 100vw, 2000px\" \/><\/p>\n<div><\/div>\n<\/div><\/section><br \/>\n<section  class='av_textblock_section av-2zmrk8-5934f042f7e73a64d8b3b9457abb5c0d '   itemscope=\"itemscope\" itemtype=\"https:\/\/schema.org\/BlogPosting\" itemprop=\"blogPost\" ><div class='avia_textblock'  itemprop=\"text\" ><div><\/div>\n<div>\n<p><strong>\u00a0<\/strong><\/p>\n<p>Foi publicado o\u00a0<a href=\"https:\/\/diariodarepublica.pt\/dr\/detalhe\/decreto-lei\/26-2025-911648872\">Decreto-Lei n.\u00ba 26\/2025, de 20 de mar\u00e7o<\/a>, que completa a transposi\u00e7\u00e3o da\u00a0<a href=\"https:\/\/eur-lex.europa.eu\/legal-content\/pt\/TXT\/?uri=CELEX:32021L2118\">Diretiva (UE) 2021\/2118<\/a>, relativa ao seguro obrigat\u00f3rio de responsabilidade civil autom\u00f3vel (SORCA). Este diploma altera o Decreto-Lei n.\u00ba 291\/2007, de 21 de agosto, tendo como objetivo\u00a0refor\u00e7ar\u00a0a prote\u00e7\u00e3o dos lesados\u00a0de\u00a0acidentes de via\u00e7\u00e3o, nomeadamente quando envolvem reboques ou\u00a0em\u00a0situa\u00e7\u00f5es de insolv\u00eancia ou liquida\u00e7\u00e3o de\u00a0seguradores.<\/p>\n<p>A Diretiva (UE) 2021\/2118 determinou a necessidade de se introduzirem modifica\u00e7\u00f5es no Decreto-Lei n.\u00ba 291\/2007, de 21 de agosto, diploma que aprovou o regime do sistema do seguro obrigat\u00f3rio de responsabilidade civil autom\u00f3vel em Portugal, tendo agora sido transposta para o direito nacional pelo Decreto-Lei n.\u00ba 26\/2025, de 20 de mar\u00e7o.<\/p>\n<p>Sintetizam-se\u00a0as\u00a0principais\u00a0altera\u00e7\u00f5es introduzidas pelo\u00a0novo\u00a0diploma:<\/p>\n<ol>\n<li><strong>Nova derroga\u00e7\u00e3o \u00e0 obriga\u00e7\u00e3o de seguro:\u00a0<\/strong>o Decreto-Lei n.\u00ba 291\/2007, de 21 de agosto, prev\u00ea que\u00a0est\u00e3o\u00a0isentos\u00a0da obriga\u00e7\u00e3o de seguro\u00a0os Estados estrangeiros e\u00a0as\u00a0organiza\u00e7\u00f5es internacionais das quais Portugal seja membro e o pr\u00f3prio Estado portugu\u00eas\u00a0(sem preju\u00edzo de\u00a0certos departamentos e servi\u00e7os,\u00a0se assim for decidido),\u00a0assim como os ve\u00edculos de caminhos de ferro, do metro, m\u00e1quinas agr\u00edcolas n\u00e3o sujeitas a matr\u00edcula e ve\u00edculos utilizados em fun\u00e7\u00f5es\u00a0meramente\u00a0agr\u00edcolas e industriais. O\u00a0novo diploma\u00a0vem\u00a0introduzir\u00a0uma nova derroga\u00e7\u00e3o\u00a0\u00e0\u00a0obriga\u00e7\u00e3o de seguro,\u00a0referente a ve\u00edculos tempor\u00e1ria ou permanentemente retirados e proibidos de utiliza\u00e7\u00e3o, desde que tenha sido instaurado um procedimento administrativo ou outra medida verific\u00e1vel.<\/li>\n<\/ol>\n<ol>\n<li><strong>Prote\u00e7\u00e3o dos lesados em acidentes com reboques<\/strong>: o Decreto-Lei n.\u00ba 26\/2025 visa resolver as dificuldades enfrentadas por lesados\u00a0nos\u00a0acidentes que envolvam ve\u00edculos\u00a0atrelando um\u00a0reboque, designadamente quando os seguros do trator e do reboque\u00a0s\u00e3o garantidos\u00a0por\u00a0diferentes\u00a0seguradores.<\/li>\n<\/ol>\n<p>Este novo regime\u00a0facilita\u00a0o processo de indemniza\u00e7\u00e3o do lesado,\u00a0permitindo que este solicite a qualquer um dos seguradores (ao do\u00a0trator ou\u00a0ao do\u00a0reboque) a identifica\u00e7\u00e3o do\u00a0outro\u00a0segurador, bem como o pagamento da\u00a0totalidade da\u00a0indemniza\u00e7\u00e3o,\u00a0at\u00e9 ao limite do correspondente capital seguro. Al\u00e9m disso, sempre que,\u00a0nestes acidentes,\u00a0s\u00f3 um dos ve\u00edculos se encontre seguro ou em que apenas seja poss\u00edvel identificar um dos seguradores, esse\u00a0segurador \u00e9 respons\u00e1vel pelo pagamento da totalidade da indemniza\u00e7\u00e3o ao lesado, tendo o Fundo de Garantia Autom\u00f3vel (FGA) uma fun\u00e7\u00e3o subsidi\u00e1ria na satisfa\u00e7\u00e3o da repara\u00e7\u00e3o de danos emergente desse acidente.<\/p>\n<ol>\n<li><strong>Indemniza\u00e7\u00f5es em caso de insolv\u00eancia ou liquida\u00e7\u00e3o do segurador:\u00a0<\/strong>o objetivo desta medida \u00e9 garantir que os lesados de acidentes de via\u00e7\u00e3o sejam sempre indemnizados, mesmo em caso de insolv\u00eancia ou liquida\u00e7\u00e3o do segurador respons\u00e1vel pelo pagamento. Independentemente do local do acidente (Portugal, outro Estado-Membro ou pa\u00edses terceiros aderentes ao sistema da Carta Verde, desde que o acidente tenha sido causado por ve\u00edculo habitualmente estacionado e segurado em Estado Membro) e da origem do segurador em situa\u00e7\u00e3o de insolv\u00eancia ou liquida\u00e7\u00e3o (Portugal ou outro Estado-Membro), os\u00a0lesados podem reclamar a indemniza\u00e7\u00e3o diretamente ao organismo de indemniza\u00e7\u00e3o do seu Estado-Membro de resid\u00eancia,\u00a0que,\u00a0em Portugal, \u00e9\u00a0o Fundo de Garantia Autom\u00f3vel (FGA). Este organismo ter\u00e1 direito de regresso contra o organismo\u00a0cong\u00e9nere\u00a0do pa\u00eds de origem do\u00a0segurador,\u00a0que ser\u00e1 o respons\u00e1vel\u00a0final.<\/li>\n<\/ol>\n<ol>\n<li><strong>Revis\u00e3o e atualiza\u00e7\u00e3o dos capitais m\u00ednimos obrigat\u00f3rios de seguro:\u00a0<\/strong>s\u00e3o conhecidos os capitais m\u00ednimos\u00a0obrigatoriamente seguros, em vigor desde 1 de junho de 2022:\u00a06.450.000\u20ac por acidente para\u00a0os\u00a0danos corporais e 1.300.000\u20ac por acidente para danos materiais. O presente diploma incorpora uma cl\u00e1usula de revis\u00e3o uniforme destes montantes (\u00edndice harmonizado de pre\u00e7os no consumidor \u2013 IHPC), devendo\u00a0os mesmos\u00a0ser atualizados de cinco em cinco anos, sob proposta da Comiss\u00e3o Europeia.<\/li>\n<\/ol>\n<p><strong>\u00a0<\/strong><\/p>\n<ol>\n<li><strong>Declara\u00e7\u00e3o de\u00a0historial de sinistros:\u00a0<\/strong>trata-se do comummente conhecido certificado de tarifa\u00e7\u00e3o. Esta declara\u00e7\u00e3o, que pode incluir informa\u00e7\u00e3o de outro segurador,\u00a0deve ser emitida de acordo com o Regulamento de Execu\u00e7\u00e3o (UE) 2024\/1855 da Comiss\u00e3o, de 3 de julho de 2024, que estabeleceu as normas de execu\u00e7\u00e3o respeitantes ao modelo para a declara\u00e7\u00e3o de historial de sinistros.<\/li>\n<\/ol>\n<p>O Decreto-Lei n.\u00ba 26\/2025, em linha com a diretiva que transp\u00f5e, especifica que os seguradores que tenham em conta estas declara\u00e7\u00f5es na determina\u00e7\u00e3o dos pr\u00e9mios n\u00e3o podem discriminar o tomador em fun\u00e7\u00e3o da sua nacionalidade ou resid\u00eancia e que devem tratar as declara\u00e7\u00f5es emitidas noutro Estado-Membro de forma igual \u00e0s emitidas em Portugal, incluindo para efeitos de aplica\u00e7\u00e3o de descontos.<\/p>\n<p>Os seguradores devem disponibilizar no seu website uma panor\u00e2mica geral das suas pol\u00edticas no que respeita \u00e0 utiliza\u00e7\u00e3o que fazem das declara\u00e7\u00f5es de historial de sinistros para c\u00e1lculo dos pr\u00e9mios.<\/p>\n<p>As regras relativas ao novo modelo padronizado da declara\u00e7\u00e3o de historial de sinistros, bem como o uso que da mesma \u00e9 feita pelos seguradores apenas produzir\u00e3o efeitos a partir de 24 de julho de 2025.<\/p>\n<ol>\n<li><strong>Ferramentas independentes de compara\u00e7\u00e3o de pre\u00e7os<\/strong>:\u00a0a 6.\u00aa Diretiva prev\u00ea que\u00a0os Estados-Membros possam\u00a0certificar instrumentos que permitam aos consumidores comparar gratuitamente os pre\u00e7os, tarifas e coberturas de contratos de seguro obrigat\u00f3rio de responsabilidade civil autom\u00f3vel, desde que cumpram determinados requisitos, ou criar ferramentas p\u00fablicas de compara\u00e7\u00e3o de pre\u00e7os. O Decreto-Lei n.\u00ba 26\/2025 atribui a compet\u00eancia de certifica\u00e7\u00e3o das ferramentas independentes de compara\u00e7\u00e3o de pre\u00e7os \u00e0 ASF e estabelece os requisitos a que devem obedecer tais ferramentas. Vem igualmente permitir \u00e0 ASF a cria\u00e7\u00e3o desta ferramenta.<\/li>\n<\/ol>\n<ol>\n<li><strong>Fiscaliza\u00e7\u00e3o\u00a0do cumprimento\u00a0da obriga\u00e7\u00e3o de seguro:\u00a0<\/strong>atualmente, os Estados-Membros devem abster-se de proceder \u00e0 fiscaliza\u00e7\u00e3o do seguro de ve\u00edculos que tenham o seu estacionamento habitual em outro Estado-Membro ou em pa\u00edses terceiros e que entrem no territ\u00f3rio nacional provenientes de outro Estado-Membro, exceto se a mesma for n\u00e3o sistem\u00e1tica, n\u00e3o discriminat\u00f3ria e efetuada no \u00e2mbito de um controlo que n\u00e3o tenha por objeto exclusivo a verifica\u00e7\u00e3o do seguro. Por\u00e9m, novos desenvolvimentos tecnol\u00f3gicos, como a tecnologia que permite o reconhecimento autom\u00e1tico de matr\u00edculas, permitem a fiscaliza\u00e7\u00e3o dos seguros sem a paragem dos ve\u00edculos. \u00c9 justamente a esta realidade que a Diretiva e o diploma de transposi\u00e7\u00e3o v\u00eam dar resposta, autorizando a fiscaliza\u00e7\u00e3o da obriga\u00e7\u00e3o de seguro apenas na condi\u00e7\u00e3o de ser realizada de forma n\u00e3o discriminat\u00f3ria, necess\u00e1ria e proporcional ao fim prosseguido e no \u00e2mbito de (i) um controlo que n\u00e3o tenha por objeto exclusivo a verifica\u00e7\u00e3o do seguro ou (ii) um sistema geral de controlo realizado em rela\u00e7\u00e3o a quaisquer ve\u00edculos, independentemente do local do seu estacionamento habitual, e que n\u00e3o requeira a paragem do ve\u00edculo.<\/li>\n<\/ol>\n<p>2<\/p>\n<p>S\u00e3o ainda previstos a finalidade do tratamento dos dados pessoais obtidos por via desta fiscaliza\u00e7\u00e3o, bem como os prazos m\u00e1ximos de conserva\u00e7\u00e3o e a possibilidade de partilha dos mesmos.<\/p>\n<p>Em suma, o Decreto-Lei 26\/2025, de 20 de mar\u00e7o,\u00a0que entrou em vigor no dia 25 de mar\u00e7o de 2025,\u00a0adequa o direito interno portugu\u00eas ao quadro legal da Uni\u00e3o Europeia, visando\u00a0refor\u00e7ar\u00a0a prote\u00e7\u00e3o dos cidad\u00e3os,\u00a0quando lesados em consequ\u00eancia\u00a0de acidente de via\u00e7\u00e3o.<\/p>\n<p><strong>Outra Legisla\u00e7\u00e3o nacional a salientar:<\/strong><\/p>\n<p><a href=\"https:\/\/diariodarepublica.pt\/dr\/detalhe\/decreto-lei\/22-2025-911488699\">Decreto-Lei n.\u00ba 22\/2025, de 19 de mar\u00e7o<\/a> &#8211; Transp\u00f5e a Diretiva (UE) 2022\/2557, relativa \u00e0 identifica\u00e7\u00e3o, designa\u00e7\u00e3o e refor\u00e7o da resili\u00eancia das entidades cr\u00edticas. Nos termos do anexo ao diploma, o setor segurador \u00e9 considerado um setor cr\u00edtico, sendo considerados servi\u00e7os essenciais a subscri\u00e7\u00e3o de contratos de seguro e a gest\u00e3o e a regulariza\u00e7\u00e3o de sinistros.<\/p>\n<p><a href=\"https:\/\/diariodarepublica.pt\/dr\/detalhe\/portaria\/118-2025-911089451\">Portaria n.\u00ba 118\/2025\/1, de 17 de mar\u00e7o<\/a> &#8211; Cria e regula o Programa MAIS \u2015 Medidas de Ativa\u00e7\u00e3o e Inclus\u00e3o Social. O diploma prev\u00ea que a entidade promotora contrate um seguro que cubra os riscos que possam ocorrer durante e em consequ\u00eancia do exerc\u00edcio das atividades integradas num projeto de trabalho socialmente necess\u00e1rio (cfr. art. 13.\u00ba, n.\u00ba3).<\/p>\n<p><a href=\"https:\/\/diariodarepublica.pt\/dr\/detalhe\/resolucao-assembleia-republica\/71-2025-911089423\">Resolu\u00e7\u00e3o da Assembleia da Rep\u00fablica n.\u00ba 71\/2025, de 17 de mar\u00e7o<\/a> &#8211; Recomenda ao Governo a melhoria das condi\u00e7\u00f5es de trabalho dos bombeiros volunt\u00e1rios com contrato de trabalho com as associa\u00e7\u00f5es humanit\u00e1rias de bombeiros e a atualiza\u00e7\u00e3o dos respetivos seguros de acidentes pessoais.<\/p>\n<p><a href=\"https:\/\/diariodarepublica.pt\/dr\/detalhe\/portaria\/92-2025-910130848\">Portaria n.\u00ba 92\/2025\/1, de 10 de mar\u00e7o<\/a> &#8211; Primeira altera\u00e7\u00e3o da Portaria n.\u00ba 454-B\/2023, de 28 de dezembro, que estabelece as regras nacionais complementares da interven\u00e7\u00e3o \u00abSeguros de colheitas\u00bb, do dom\u00ednio \u00abB.3 Programa Nacional para apoio ao setor da vitivinicultura\u00bb do eixo \u00abB Abordagem setorial integrada\u00bb do Plano Estrat\u00e9gico da Pol\u00edtica Agr\u00edcola Comum, para Portugal (PEPAC Portugal).<\/p>\n<p><a href=\"https:\/\/diariodarepublica.pt\/dr\/detalhe\/portaria\/83-2025-909595553\">Portaria n.\u00ba 83\/2025\/1, de 5 de mar\u00e7o<\/a> &#8211; Determina os valores dos coeficientes a utilizar na atualiza\u00e7\u00e3o das remunera\u00e7\u00f5es anuais. O diploma determina os valores dos coeficientes a utilizar na atualiza\u00e7\u00e3o das remunera\u00e7\u00f5es anuais a considerar para a determina\u00e7\u00e3o da remunera\u00e7\u00e3o de refer\u00eancia que serve de base de c\u00e1lculo das pens\u00f5es de invalidez e velhice do sistema previdencial e das pens\u00f5es de aposenta\u00e7\u00e3o, reforma e invalidez (cfr. art. 1.\u00ba).<\/p>\n<p><a href=\"https:\/\/diariodarepublica.pt\/dr\/detalhe\/resolucao-assembleia-republica\/47-2025-908703803\">Resolu\u00e7\u00e3o da Assembleia da Rep\u00fablica n.\u00ba 47\/2025, de 25 de fevereiro<\/a> &#8211; Acesso ao Servi\u00e7o Nacional de Sa\u00fade por cidad\u00e3os estrangeiros n\u00e3o residentes. A Recomenda\u00e7\u00e3o 7 refere que se \u201cpromova a cobran\u00e7a, por parte das institui\u00e7\u00f5es de sa\u00fade, dos custos decorrentes e legalmente previstos da presta\u00e7\u00e3o dos cuidados de sa\u00fade n\u00e3o-emergentes, assim como de f\u00e1rmacos dispensados, ao particular, em momento pr\u00e9vio \u00e0 presta\u00e7\u00e3o dos mesmos, ou ao pa\u00eds de origem ou \u00e0 seguradora, atrav\u00e9s de acordo internacional ou seguro de sa\u00fade, v\u00e1lido em Portugal e aceite pelo SNS, revertendo a receita na \u00edntegra para a Unidade Local de Sa\u00fade (ULS) que o prestou\u201d.<\/p>\n<p><a href=\"https:\/\/diariodarepublica.pt\/dr\/detalhe\/lei\/13-2025-908074076\">Lei n.\u00ba 13\/2025, de 20 de fevereiro<\/a> &#8211; Refor\u00e7a medidas extraordin\u00e1rias de apoio \u00e0s popula\u00e7\u00f5es afetadas pelos inc\u00eandios rurais ocorridos em setembro de 2024, alterando o Decreto-Lei n.\u00ba 59-A\/2024, de 27 de setembro. Esta \u00e9 a segunda altera\u00e7\u00e3o ao Decreto-Lei n.\u00ba 59-A\/2024, de 27 de setembro, que estabelece medidas de apoio \u00e0s popula\u00e7\u00f5es afetadas pelos inc\u00eandios ocorridos em setembro de 2024 e que estabelecem medidas complementares em rela\u00e7\u00e3o a contratos de seguro.<\/p>\n<p><a href=\"https:\/\/diariodarepublica.pt\/dr\/detalhe\/resolucao-assembleia-republica\/34-2025-907629888\">Resolu\u00e7\u00e3o da Assembleia da Rep\u00fablica n.\u00ba 34\/2025, de 17 de fevereiro<\/a> &#8211; Recomenda ao Governo a atualiza\u00e7\u00e3o do c\u00e1lculo de remi\u00e7\u00e3o de pens\u00f5es devidas em caso de acidente de trabalho ou doen\u00e7a profissional.<\/p>\n<p><a href=\"https:\/\/diariodarepublica.pt\/dr\/detalhe\/decreto-lei\/9-2025-907097147\">Decreto-Lei n.\u00ba 9\/2025, de 12 de fevereiro<\/a> &#8211; Estabelece a Classifica\u00e7\u00e3o Portuguesa das Atividades Econ\u00f3micas, Revis\u00e3o 4. Este diploma tem impacto na participa\u00e7\u00e3o de acidentes de trabalho, sendo exigido o c\u00f3digo de atividade da entidade empregadora (cfr. Portaria 14\/2018).<\/p>\n<p>Esta informa\u00e7\u00e3o encontra-se dispon\u00edvel no <em>site<\/em> da APS, no men\u00fa de topo <a href=\"https:\/\/www.apseguradores.pt\/pt\/legisla%C3%A7%C3%A3o\">\u2018Legisla\u00e7\u00e3o\u2019<\/a>.<\/p>\n<\/div>\n<\/div><\/section><\/p><\/div>\n","protected":false},"excerpt":{"rendered":"<p>Foi publicado o Decreto-Lei n.\u00ba 26\/2025, de 20 de mar\u00e7o, que completa a transposi\u00e7\u00e3o da Diretiva (UE) 2021\/2118, relativa ao seguro obrigat\u00f3rio de responsabilidade civil autom\u00f3vel (SORCA).<\/p>\n","protected":false},"author":1,"featured_media":1385,"comment_status":"closed","ping_status":"closed","sticky":false,"template":"","format":"quote","meta":{"footnotes":""},"categories":[20],"tags":[],"class_list":["post-1807","post","type-post","status-publish","format-quote","has-post-thumbnail","hentry","category-legislacao-regulamentacao-nacional","post_format-post-format-quote"],"_links":{"self":[{"href":"https:\/\/segurosecidadania.pt\/index.php?rest_route=\/wp\/v2\/posts\/1807","targetHints":{"allow":["GET"]}}],"collection":[{"href":"https:\/\/segurosecidadania.pt\/index.php?rest_route=\/wp\/v2\/posts"}],"about":[{"href":"https:\/\/segurosecidadania.pt\/index.php?rest_route=\/wp\/v2\/types\/post"}],"author":[{"embeddable":true,"href":"https:\/\/segurosecidadania.pt\/index.php?rest_route=\/wp\/v2\/users\/1"}],"replies":[{"embeddable":true,"href":"https:\/\/segurosecidadania.pt\/index.php?rest_route=%2Fwp%2Fv2%2Fcomments&post=1807"}],"version-history":[{"count":6,"href":"https:\/\/segurosecidadania.pt\/index.php?rest_route=\/wp\/v2\/posts\/1807\/revisions"}],"predecessor-version":[{"id":1879,"href":"https:\/\/segurosecidadania.pt\/index.php?rest_route=\/wp\/v2\/posts\/1807\/revisions\/1879"}],"wp:featuredmedia":[{"embeddable":true,"href":"https:\/\/segurosecidadania.pt\/index.php?rest_route=\/wp\/v2\/media\/1385"}],"wp:attachment":[{"href":"https:\/\/segurosecidadania.pt\/index.php?rest_route=%2Fwp%2Fv2%2Fmedia&parent=1807"}],"wp:term":[{"taxonomy":"category","embeddable":true,"href":"https:\/\/segurosecidadania.pt\/index.php?rest_route=%2Fwp%2Fv2%2Fcategories&post=1807"},{"taxonomy":"post_tag","embeddable":true,"href":"https:\/\/segurosecidadania.pt\/index.php?rest_route=%2Fwp%2Fv2%2Ftags&post=1807"}],"curies":[{"name":"wp","href":"https:\/\/api.w.org\/{rel}","templated":true}]}}