{"id":1211,"date":"2024-05-29T21:00:00","date_gmt":"2024-05-29T21:00:00","guid":{"rendered":"https:\/\/segurosecidadania.pt\/?p=1211"},"modified":"2024-05-31T08:52:54","modified_gmt":"2024-05-31T08:52:54","slug":"ricardo-ferreira-reis-3-4","status":"publish","type":"post","link":"https:\/\/segurosecidadania.pt\/?p=1211","title":{"rendered":"In\u00eas Antas de Barros, Vieira de Almeida \u2013 Sociedade de Advogados"},"content":{"rendered":"\n<style type=\"text\/css\" data-created_by=\"avia_inline_auto\" id=\"style-css-av-649jwb-fff157b0ece644c203b9ea35b99931ee\">\n.avia-section.av-649jwb-fff157b0ece644c203b9ea35b99931ee{\nbackground-color:#5fbba6;\nbackground-image:unset;\nz-index:0;\nposition:relative;\n}\n.av-curtain-footer.av-curtain-activated #main .avia-section.av-649jwb-fff157b0ece644c203b9ea35b99931ee{\nz-index:0;\n}\n<\/style>\n<div id='av_section_1'  class='avia-section av-649jwb-fff157b0ece644c203b9ea35b99931ee main_color avia-section-small avia-no-border-styling  avia-builder-el-0  el_before_av_one_full  avia-builder-el-first  avia-bg-style-fixed av-custom-positioned container_wrap fullsize'  ><div class='container av-section-cont-open' ><main  role=\"main\" itemprop=\"mainContentOfPage\"  class='template-page content  av-content-full alpha units'><div class='post-entry post-entry-type-page post-entry-1211'><div class='entry-content-wrapper clearfix'>\n<div  class='flex_column av-3x81mj-a17bd29a21254212a442803fd90aef7d av_one_full  avia-builder-el-1  avia-builder-el-no-sibling  first av-break-at-tablet flex_column_div  '     ><style type=\"text\/css\" data-created_by=\"avia_inline_auto\" id=\"style-css-av-2p8jgb-b934b5ecfbade90a5703b0ea047236fb\">\n#top .av-special-heading.av-2p8jgb-b934b5ecfbade90a5703b0ea047236fb{\nmargin:0 0 0 0;\npadding-bottom:0;\ncolor:#ffffff;\nfont-size:25px;\n}\nbody .av-special-heading.av-2p8jgb-b934b5ecfbade90a5703b0ea047236fb .av-special-heading-tag .heading-char{\nfont-size:25px;\n}\n#top #wrap_all .av-special-heading.av-2p8jgb-b934b5ecfbade90a5703b0ea047236fb .av-special-heading-tag{\nfont-size:25px;\npadding:0 0 0 0;\n}\n.av-special-heading.av-2p8jgb-b934b5ecfbade90a5703b0ea047236fb .special-heading-inner-border{\nborder-color:rgba(0,0,0,0.01);\n}\n.av-special-heading.av-2p8jgb-b934b5ecfbade90a5703b0ea047236fb .av-subheading{\nfont-size:20px;\n}\nbody .av-special-heading.av-2p8jgb-b934b5ecfbade90a5703b0ea047236fb .av-special-heading-tag .heading-wrap:before{\nborder-color:rgba(0,0,0,0.01);\n}\nbody .av-special-heading.av-2p8jgb-b934b5ecfbade90a5703b0ea047236fb .av-special-heading-tag .heading-wrap:after{\nborder-color:rgba(0,0,0,0.01);\n}\n\n@media only screen and (max-width: 479px){ \n#top .av-special-heading.av-2p8jgb-b934b5ecfbade90a5703b0ea047236fb{\nmargin:0 0 -100px 0;\n}\n#top #wrap_all .av-special-heading.av-2p8jgb-b934b5ecfbade90a5703b0ea047236fb .av-special-heading-tag{\nfont-size:17px;\n}\n}\n\n@media only screen and (min-width: 768px) and (max-width: 989px){ \n#top .av-special-heading.av-2p8jgb-b934b5ecfbade90a5703b0ea047236fb{\nmargin:0 0 -35px 0;\n}\n}\n\n@media only screen and (min-width: 480px) and (max-width: 767px){ \n#top .av-special-heading.av-2p8jgb-b934b5ecfbade90a5703b0ea047236fb{\nmargin:0 0 -35px 0;\n}\n#top #wrap_all .av-special-heading.av-2p8jgb-b934b5ecfbade90a5703b0ea047236fb .av-special-heading-tag{\nfont-size:0.8em;\n}\n}\n<\/style>\n<div  class='av-special-heading av-2p8jgb-b934b5ecfbade90a5703b0ea047236fb av-special-heading-h6 custom-color-heading blockquote modern-quote  avia-builder-el-2  avia-builder-el-no-sibling  av-inherit-size'><h6 class='av-special-heading-tag'  itemprop=\"headline\"  >Newsletter APS #03 | maio 2024<\/h6><div class=\"special-heading-border\"><div class=\"special-heading-inner-border\"><\/div><\/div><\/div><\/div>\n<\/div><\/div><\/main><!-- close content main element --><\/div><\/div><div id='after_section_1'  class='main_color av_default_container_wrap container_wrap fullsize'  ><div class='container av-section-cont-open' ><div class='template-page content  av-content-full alpha units'><div class='post-entry post-entry-type-page post-entry-1211'><div class='entry-content-wrapper clearfix'>\n<div  class='flex_column av-6kwi4-8e596f04c27eab16388547305a04b6bc av_one_full  avia-builder-el-3  el_after_av_section  avia-builder-el-no-sibling  first flex_column_div  '     ><p>\n<style type=\"text\/css\" data-created_by=\"avia_inline_auto\" id=\"style-css-av-hlakc-11ef2cbb47b41d5d366e5e7b4b06b95f\">\n#top .av-post-metadata-container.av-hlakc-11ef2cbb47b41d5d366e5e7b4b06b95f{\nfont-size:14px;\nmargin:0 0 1px 0;\n}\n#top .av-post-metadata-container.av-hlakc-11ef2cbb47b41d5d366e5e7b4b06b95f .av-post-metadata-container-inner{\nfont-size:14px;\n}\n<\/style>\n<div  class='av-post-metadata-container av-hlakc-11ef2cbb47b41d5d366e5e7b4b06b95f av-metadata-container-align-left  avia-builder-el-4  el_before_av_heading  avia-builder-el-first  av-metadata-container-1'><div class='av-post-metadata-container-inner'><span class=\"av-post-metadata-content av-post-metadata-meta-content\"><span class=\"av-post-metadata-content av-post-metadata-category\"><span class=\"av-post-metadata-category-link\" ><a href=\"https:\/\/segurosecidadania.pt\/?cat=15\" >Opini\u00e3o<\/a><\/span><\/span><\/span><\/div><\/div><br \/>\n\n<style type=\"text\/css\" data-created_by=\"avia_inline_auto\" id=\"style-css-av-ls1ryc5k-154cdb4a99bfdb087d908f7e2cdb72a5\">\n#top .av-special-heading.av-ls1ryc5k-154cdb4a99bfdb087d908f7e2cdb72a5{\nmargin:0 0 0 0;\npadding-bottom:-20px;\n}\nbody .av-special-heading.av-ls1ryc5k-154cdb4a99bfdb087d908f7e2cdb72a5 .av-special-heading-tag .heading-char{\nfont-size:25px;\n}\n.av-special-heading.av-ls1ryc5k-154cdb4a99bfdb087d908f7e2cdb72a5 .av-subheading{\nfont-size:15px;\n}\n<\/style>\n<div  class='av-special-heading av-ls1ryc5k-154cdb4a99bfdb087d908f7e2cdb72a5 av-special-heading-h6 blockquote modern-quote  avia-builder-el-5  el_after_av_post_metadata  el_before_av_heading '><div class='av-subheading av-subheading_above'><p>In\u00eas Antas de Barros<br \/>\nS\u00f3cia, Comunica\u00e7\u00f5es, Prote\u00e7\u00e3o de Dados &#038; Tecnologia<br \/>\nVieira de Almeida \u2013 Sociedade de Advogados<\/p>\n<\/div><h6 class='av-special-heading-tag'  itemprop=\"headline\"  >  <\/h6><div class=\"special-heading-border\"><div class=\"special-heading-inner-border\"><\/div><\/div><\/div><br \/>\n\n<style type=\"text\/css\" data-created_by=\"avia_inline_auto\" id=\"style-css-av-ls1rzmt1-19555b214e1ad18a22e0851de0d8bce8\">\n#top .av-special-heading.av-ls1rzmt1-19555b214e1ad18a22e0851de0d8bce8{\nmargin:20px 0 0 0;\npadding-bottom:20px;\nfont-size:30px;\n}\nbody .av-special-heading.av-ls1rzmt1-19555b214e1ad18a22e0851de0d8bce8 .av-special-heading-tag .heading-char{\nfont-size:25px;\n}\n#top #wrap_all .av-special-heading.av-ls1rzmt1-19555b214e1ad18a22e0851de0d8bce8 .av-special-heading-tag{\nfont-size:30px;\npadding:0 0 10px 0;\n}\n.av-special-heading.av-ls1rzmt1-19555b214e1ad18a22e0851de0d8bce8 .av-subheading{\nfont-size:15px;\n}\n\n@media only screen and (min-width: 480px) and (max-width: 767px){ \n#top #wrap_all .av-special-heading.av-ls1rzmt1-19555b214e1ad18a22e0851de0d8bce8 .av-special-heading-tag{\nfont-size:0.8em;\n}\n}\n\n@media only screen and (max-width: 479px){ \n#top #wrap_all .av-special-heading.av-ls1rzmt1-19555b214e1ad18a22e0851de0d8bce8 .av-special-heading-tag{\nfont-size:0.8em;\n}\n}\n<\/style>\n<div  class='av-special-heading av-ls1rzmt1-19555b214e1ad18a22e0851de0d8bce8 av-special-heading-h1 blockquote modern-quote  avia-builder-el-6  el_after_av_heading  el_before_av_image  av-inherit-size'><h1 class='av-special-heading-tag'  itemprop=\"headline\"  >A CIBERSEGURAN\u00c7A NO SETOR SEGURADOR: COMO O REGULAMENTO RELATIVO \u00c0 RESILI\u00caNCIA OPERACIONAL DIGITAL DO SETOR FINANCEIRO EST\u00c1 A MOLDAR O FUTURO<\/h1><div class=\"special-heading-border\"><div class=\"special-heading-inner-border\"><\/div><\/div><\/div><br \/>\n\n<style type=\"text\/css\" data-created_by=\"avia_inline_auto\" id=\"style-css-av-ls1s056x-d66e4d8db41c24361bbd8b7476b5c593\">\n.avia-image-container.av-ls1s056x-d66e4d8db41c24361bbd8b7476b5c593 img.avia_image{\nbox-shadow:none;\n}\n.avia-image-container.av-ls1s056x-d66e4d8db41c24361bbd8b7476b5c593 .av-image-caption-overlay-center{\ncolor:#ffffff;\n}\n<\/style>\n<div  class='avia-image-container av-ls1s056x-d66e4d8db41c24361bbd8b7476b5c593 av-styling- avia-align-center  avia-builder-el-7  el_after_av_heading  el_before_av_textblock '   itemprop=\"image\" itemscope=\"itemscope\" itemtype=\"https:\/\/schema.org\/ImageObject\" ><div class=\"avia-image-container-inner\"><div class=\"avia-image-overlay-wrap\"><img decoding=\"async\" fetchpriority=\"high\" class='wp-image-1212 avia-img-lazy-loading-not-1212 avia_image ' src=\"https:\/\/segurosecidadania.pt\/wp-content\/uploads\/2024\/05\/riscos-cyber.jpg\" alt='' title='riscos cyber'  height=\"800\" width=\"2000\"  itemprop=\"thumbnailUrl\" srcset=\"https:\/\/segurosecidadania.pt\/wp-content\/uploads\/2024\/05\/riscos-cyber.jpg 2000w, https:\/\/segurosecidadania.pt\/wp-content\/uploads\/2024\/05\/riscos-cyber-300x120.jpg 300w, https:\/\/segurosecidadania.pt\/wp-content\/uploads\/2024\/05\/riscos-cyber-1030x412.jpg 1030w, https:\/\/segurosecidadania.pt\/wp-content\/uploads\/2024\/05\/riscos-cyber-768x307.jpg 768w, https:\/\/segurosecidadania.pt\/wp-content\/uploads\/2024\/05\/riscos-cyber-1536x614.jpg 1536w, https:\/\/segurosecidadania.pt\/wp-content\/uploads\/2024\/05\/riscos-cyber-1500x600.jpg 1500w, https:\/\/segurosecidadania.pt\/wp-content\/uploads\/2024\/05\/riscos-cyber-705x282.jpg 705w\" sizes=\"(max-width: 2000px) 100vw, 2000px\" \/><\/div><\/div><\/div><br \/>\n<section  class='av_textblock_section av-ls1s13k0-bd5659602c8ec4c80c8d120e3dc440cc '   itemscope=\"itemscope\" itemtype=\"https:\/\/schema.org\/BlogPosting\" itemprop=\"blogPost\" ><div class='avia_textblock'  itemprop=\"text\" ><p>O setor segurador da Uni\u00e3o Europeia (UE) est\u00e1 em contagem decrescente para a ado\u00e7\u00e3o de um importante diploma legal destinado a abordar as preocupa\u00e7\u00f5es em mat\u00e9ria de ciberseguran\u00e7a.<\/p>\n<p>Desde a consolida\u00e7\u00e3o da era digital, a ciberseguran\u00e7a tem sido alvo de uma aten\u00e7\u00e3o sem precedentes, estando a UE a trabalhar no sentido de estabelecer um quadro s\u00f3lido que envolva todos os intervenientes no mercado e que, a n\u00edvel global, exija uma abordagem proactiva e adaptativa aos perigos crescentes, evolutivos e desafiantes das ciberamea\u00e7as.<\/p>\n<p>\u00c9 neste contexto que, no \u00e2mbito da Estrat\u00e9gia de Ciberseguran\u00e7a da UE, se assumiu como prioridade a necessidade de regulamentar as preocupa\u00e7\u00f5es com o ciberespa\u00e7o no setor financeiro \u2013 um setor altamente regulado que lida habitualmente com informa\u00e7\u00e3o de alto risco, depende cada vez mais de solu\u00e7\u00f5es tecnol\u00f3gicas inovadoras e quem sido alvo recorrente e crescente de amea\u00e7as cibern\u00e9ticas.<\/p>\n<p>O Regulamento relativo \u00e0 Resili\u00eancia Operacional Digital do Sector Financeiro (Digital Operational Resilience Act \u2013 \u201cDORA\u201d), que foi aprovado em dezembro de 2022, entrou em vigor em janeiro de 2023 e ser\u00e1 aplic\u00e1vel em toda a UE a partir de 17 de janeiro de 2025.<\/p>\n<p>O DORA aplica-se a um vasto leque de entidades, incluindo empresas de seguros e de resseguros, mediadores de seguros, mediadores de resseguros e mediadores de seguros a t\u00edtulo acess\u00f3rio, sociedades gestoras, institui\u00e7\u00f5es de cr\u00e9dito, ag\u00eancias de nota\u00e7\u00e3o de cr\u00e9dito, revisores oficiais de contas e empresas de auditoria e prestadores de servi\u00e7os de TIC.<\/p>\n<p>Ao criar um quadro de governa\u00e7\u00e3o e gest\u00e3o de riscos TIC, prevendo a responsabilidade do \u00f3rg\u00e3o de administra\u00e7\u00e3o, o DORA coloca definitivamente a ciberseguran\u00e7a na agenda \u201cC level executives\u201d.<\/p>\n<p><strong>Os Pilares do DORA<\/strong><\/p>\n<p>O DORA \u00e9 estruturado em torno de 5 pilares principais, que, juntamente com 13 RTS (Regulatory Technical Standards) e ITS (Implementing Technical Standards) em fase final de aprova\u00e7\u00e3o, estabelecem um exigente quadro de obriga\u00e7\u00f5es e responsabilidades para as organiza\u00e7\u00f5es, das quais se destacam as seguintes:<\/p>\n<ol>\n<li><strong>Gest\u00e3o do risco associado \u00e0s TIC<\/strong>: As organiza\u00e7\u00f5es devem implementar quadros de governa\u00e7\u00e3o e controlo internos para gerir eficazmente os riscos de TIC. Isso inclui a cria\u00e7\u00e3o de fun\u00e7\u00f5es de controlo e a adapta\u00e7\u00e3o do papel dos \u00f3rg\u00e3os de administra\u00e7\u00e3o, que s\u00e3o diretamente respons\u00e1veis pela defini\u00e7\u00e3o, aprova\u00e7\u00e3o e supervis\u00e3o das disposi\u00e7\u00f5es relacionadas com a gest\u00e3o dos riscos de TIC.<\/li>\n<li><strong>Gest\u00e3o de incidentes relacionados com as TIC<\/strong>: \u00c9 necess\u00e1rio estabelecer processos para detetar, gerir, monitorizar e notificar incidentes de TIC, classificando-os com base em crit\u00e9rios espec\u00edficos e comunicando os principais incidentes \u00e0s autoridades reguladoras e aos clientes afetados.<\/li>\n<li><strong>Testes de resili\u00eancia operacional digital<\/strong>: As organiza\u00e7\u00f5es devem preparar um programa de testes de resili\u00eancia operacional digital, incorporando testes e avalia\u00e7\u00f5es de vulnerabilidade baseados no risco.<\/li>\n<li><strong>Gest\u00e3o de risco associado \u00e0s TIC devido a terceiros<\/strong>: O DORA exige a integra\u00e7\u00e3o do risco de terceiros como parte do risco de TIC geral, incluindo um dever de dilig\u00eancia adicional na sele\u00e7\u00e3o de prestadores, a necessidade de inclus\u00e3o de disposi\u00e7\u00f5es contratuais espec\u00edficas e a monitoriza\u00e7\u00e3o dos terceiros.<\/li>\n<li><strong>Partilha de informa\u00e7\u00f5es<\/strong>: As organiza\u00e7\u00f5es s\u00e3o encorajadas a trocar informa\u00e7\u00f5es sobre ciberamea\u00e7as para aumentar a resili\u00eancia operacional digital, desde que ocorra dentro de uma comunidade de confian\u00e7a e sob acordos que protejam a natureza sens\u00edvel das informa\u00e7\u00f5es.<\/li>\n<\/ol>\n<p><strong>\u00a0<\/strong><\/p>\n<p><strong>O que fazer?<\/strong><\/p>\n<p>Quando faltam pouco mais de seis meses para a aplica\u00e7\u00e3o do DORA, as organiza\u00e7\u00f5es devem, naturalmente, dominar o novo quadro legal e adaptar os procedimentos internos de avalia\u00e7\u00e3o de risco, por forma a permitir uma an\u00e1lise cuidada das obriga\u00e7\u00f5es e do n\u00edvel de risco cibern\u00e9tico.<\/p>\n<p>Esta an\u00e1lise passar\u00e1, entre outros aspetos, pela identifica\u00e7\u00e3o das obriga\u00e7\u00f5es que impendem sobre a organiza\u00e7\u00e3o, pela avalia\u00e7\u00e3o da adequa\u00e7\u00e3o das medidas adotadas (t\u00e9cnicas, legais e operacionais) e das salvaguardas contratuais adotadas em caso de externaliza\u00e7\u00e3o de servi\u00e7os <em>core<\/em> da organiza\u00e7\u00e3o.<\/p>\n<p>N\u00e3o existem uma receita m\u00e1gica e \u00fanica para a implementa\u00e7\u00e3o do DORA. Cada organiza\u00e7\u00e3o tem as suas especificidades e diferentes n\u00edveis de maturidade e prepara\u00e7\u00e3o. Em qualquer caso, o DORA pressup\u00f5e, necessariamente, uma abordagem multidisciplinar na sua implementa\u00e7\u00e3o, que inclua desde logo:<\/p>\n<ul>\n<li><strong>Equipa multidisciplinar<\/strong>: Forma\u00e7\u00e3o de um grupo de trabalho DORA com decisores-chave para garantir uma abordagem transversal, considerando os impactos jur\u00eddico, operacional e tecnol\u00f3gico do DORA. Esta equipa deve avaliar o estado de prepara\u00e7\u00e3o e cumprimento dos requisitos pela organiza\u00e7\u00e3o e, com base numa avalia\u00e7\u00e3o dos diferentes riscos, identificar as medidas a adotar.<\/li>\n<li><strong>Governance<\/strong>: Definir e\/ou adaptar o modelo de <em>governance<\/em>, de forma a garantir a gest\u00e3o de riscos TIC.<\/li>\n<li><strong>Pol\u00edticas e procedimentos<\/strong>: Identificar e preparar a documenta\u00e7\u00e3o necess\u00e1ria, incluindo pol\u00edticas internas e revis\u00e3o\/adapta\u00e7\u00e3o de procedimentos internos da organiza\u00e7\u00e3o (desde logo, de gest\u00e3o de incidentes, avalia\u00e7\u00e3o de terceiros, monitoriza\u00e7\u00e3o do funcionamento de sistemas e ferramentas TIC e planos de testes).<\/li>\n<li><strong>Acordos com Terceiros<\/strong>: Mapear os prestadores TIC e preparar, ajustar ou renegociar contratos com estes terceiros.<\/li>\n<li><strong>Tecnologia<\/strong>: Mapear as ferramentas existentes e identificar solu\u00e7\u00f5es tecnol\u00f3gicas adequadas.<\/li>\n<li><strong>Sensibiliza\u00e7\u00e3o e forma\u00e7\u00e3o<\/strong>: Implementar programas de forma\u00e7\u00e3o interna.<\/li>\n<li><strong>Incorpora\u00e7\u00e3o do ecossistema jur\u00eddico<\/strong>: Assegurar que a estrat\u00e9gia de conformidade com o DORA \u00e9 compat\u00edvel com outros instrumentos jur\u00eddicos aplic\u00e1veis.<\/li>\n<\/ul>\n<p>\u00c9 ineg\u00e1vel que o DORA representa uma mudan\u00e7a de paradigma na resili\u00eancia digital do setor segurador, exigindo uma atitude proativa e adaptativa em rela\u00e7\u00e3o \u00e0s ciberamea\u00e7as.<\/p>\n<p>Nesta reta final de implementa\u00e7\u00e3o, as organiza\u00e7\u00f5es devem estar conscientes, preparadas e prontas para a aplica\u00e7\u00e3o do DORA, implementando um programa de conformidade individualizado e ajustado \u00e0s necessidades espec\u00edficas da organiza\u00e7\u00e3o.<\/p>\n<p><strong>\u00a0<\/strong><\/p>\n<\/div><\/section><\/p><\/div>\n","protected":false},"excerpt":{"rendered":"<p>\u00c9 ineg\u00e1vel que o DORA [(Digital Operational Resilience Act] representa uma mudan\u00e7a de paradigma na resili\u00eancia digital do setor segurador, exigindo uma atitude proativa e adaptativa em rela\u00e7\u00e3o \u00e0s ciberamea\u00e7as.<\/p>\n","protected":false},"author":2,"featured_media":1212,"comment_status":"closed","ping_status":"closed","sticky":false,"template":"","format":"standard","meta":{"footnotes":""},"categories":[15],"tags":[],"class_list":["post-1211","post","type-post","status-publish","format-standard","has-post-thumbnail","hentry","category-opiniao"],"_links":{"self":[{"href":"https:\/\/segurosecidadania.pt\/index.php?rest_route=\/wp\/v2\/posts\/1211","targetHints":{"allow":["GET"]}}],"collection":[{"href":"https:\/\/segurosecidadania.pt\/index.php?rest_route=\/wp\/v2\/posts"}],"about":[{"href":"https:\/\/segurosecidadania.pt\/index.php?rest_route=\/wp\/v2\/types\/post"}],"author":[{"embeddable":true,"href":"https:\/\/segurosecidadania.pt\/index.php?rest_route=\/wp\/v2\/users\/2"}],"replies":[{"embeddable":true,"href":"https:\/\/segurosecidadania.pt\/index.php?rest_route=%2Fwp%2Fv2%2Fcomments&post=1211"}],"version-history":[{"count":2,"href":"https:\/\/segurosecidadania.pt\/index.php?rest_route=\/wp\/v2\/posts\/1211\/revisions"}],"predecessor-version":[{"id":1215,"href":"https:\/\/segurosecidadania.pt\/index.php?rest_route=\/wp\/v2\/posts\/1211\/revisions\/1215"}],"wp:featuredmedia":[{"embeddable":true,"href":"https:\/\/segurosecidadania.pt\/index.php?rest_route=\/wp\/v2\/media\/1212"}],"wp:attachment":[{"href":"https:\/\/segurosecidadania.pt\/index.php?rest_route=%2Fwp%2Fv2%2Fmedia&parent=1211"}],"wp:term":[{"taxonomy":"category","embeddable":true,"href":"https:\/\/segurosecidadania.pt\/index.php?rest_route=%2Fwp%2Fv2%2Fcategories&post=1211"},{"taxonomy":"post_tag","embeddable":true,"href":"https:\/\/segurosecidadania.pt\/index.php?rest_route=%2Fwp%2Fv2%2Ftags&post=1211"}],"curies":[{"name":"wp","href":"https:\/\/api.w.org\/{rel}","templated":true}]}}